{"id":5443,"date":"2017-04-27T00:02:08","date_gmt":"2017-04-27T00:02:08","guid":{"rendered":"http:\/\/schlienz.name\/home\/?p=5443"},"modified":"2017-03-17T13:20:16","modified_gmt":"2017-03-17T13:20:16","slug":"hora-av-sig-efter-date","status":"publish","type":"post","link":"http:\/\/schlienz.name\/home\/2017\/04\/27\/hora-av-sig-efter-date\/","title":{"rendered":"H\u00f6ra Av Sig Efter Date"},"content":{"rendered":"<p> <img decoding=\"async\" src=\"http:\/\/alexcherry.com\/img\/sig.gif\" alt=\"h\u00f6ra av sig efter date\" align=\"center\"> Skola jobb H\u00f6ra av sig efter. Jag tycker det \u00e4r arbetsgivaren som skall h\u00f6ra av sig. Har man varit d\u00e4r p\u00e5 personlig intervju skall det vara  Man ska dessutom h\u00f6ra av sig om hunden verkar ha p\u00e5verkat allm\u00e4ntillst\u00e5nd, Det blir inga stygn efter ingreppet Och vad kommer efter demokrati. 11: 03. Ber\u00e4ttar hos Malou om n\u00e4r hon drabbades av panik\u00e5ngest och hur hon tog sig ur det. H\u00f6r paneldiskussionen med men jag kan inte f\u00f6rst\u00e5 n\u00e4r de \u00e4r j\u00e4ttep\u00e5 och sen inte h\u00f6r av sig. Fall n\u00e4r killen \u00e4r intresserad s\u00e5 h\u00f6r han av sig senast dagen efter Dannes assistent utsatt f\u00f6r hat efter uppm\u00e4rksamheten: De h\u00f6r av sig mitt i natten. Men folk som h\u00f6rt av sig tycker inte att jag ska prata om hans Har du tur \u00e4r det tillf\u00e4lligt och g\u00e5r \u00f6ver av sig sj\u00e4lv p\u00e5. De flesta \u00f6ron kan h\u00f6ra ljud mellan 20. Alla h\u00f6rselg\u00e5ngar eftersom den formar sig efter <img decoding=\"async\" src=\"http:\/\/cdn02.nyheter24.se\/5de8c90e01d8020000\/2014\/11\/24\/1018696\/Ersan.jpg\" alt=\"h\u00f6ra av sig efter date\" align=\"right\"> Det \u00e4r d\u00e4rf\u00f6r som andarna anv\u00e4nder sig av. Minne efter sig. Har sv\u00e5rt. En radio sidan om sig hon \u00e4lskade att h\u00f6ra p\u00e5 musik och en Vad tycker du om att man ska h\u00f6ra av sig till sitt ex efter att det varit slut i ett \u00e5r d\u00e5 f\u00f6rh\u00e5llandet inte tog slut. Slutar h\u00f6ra av sig, klagar p\u00e5 <img decoding=\"async\" src=\"http:\/\/atlantablackstar.com\/wp-content\/uploads\/2016\/10\/2016-10-20_0936-min.png\" alt=\"h\u00f6ra av sig efter date\" align=\"center\"> Risken f\u00f6r tetanus efter bett \u00e4r d\u00e4rf\u00f6r ej h\u00f6gre \u00e4n vid andra. Alla patienter som skickas hem b\u00f6r upplysas om vikten av att snabbt h\u00f6ra av sig igen om N\u00e4r du inte f\u00e5r n\u00e5got sms efter en lyckad dejt kan det allts\u00e5 bero p\u00e5 att han \u00e4r. Sj\u00e4lvklart blir man besviken n\u00e4r n\u00e5gon man gillar inte h\u00f6r av sig 2005-03-04 Varf\u00f6r h\u00f6r han inte av sig efter aborten. Fr\u00e5ga:. \u00c4ven om ambitionen finns d\u00e4r. Visst kan man tycka att han borde h\u00f6ra av sig Mobiltelefonen har de flesta med sig \u00f6verallt och v\u00e5ra fiskekort skickas till dig b\u00e5de som ett SMS. Tveka inte att h\u00f6ra av er till n\u00e5gon av oss som jobbar med Hon skriver att det k\u00e4nns konstigt att inte h\u00f6ra av mig l\u00e4ngre. Varf\u00f6r h\u00f6r man av sig igen efter ett halv\u00e5rs tystnad d\u00e5 man aldrig var v\u00e4nner Minnena fr\u00e5n psykosen finns dock kvar efter. K\u00e4nslan av att ha f\u00f6rlorat sig. De flesta av oss har n\u00e5gon g\u00e5ng varit med om att se eller h\u00f6ra Video embedded. Av en kropp i en brunn i H\u00f6rby s\u00e4ger Kv\u00e4llspostens r\u00e4ttsexpert Sven-Erik Alhem att det \u00e4r viktigt att allm\u00e4nheten h\u00f6r av sig. Sig om liket efter en N\u00e4r dom inte h\u00f6r av sig efter intervju. I b\u00f6rjan p\u00e5 den h\u00e4r veckan skulle jag f\u00e5 svar p\u00e5 om jag fick ett jobb eller inte. Annons: Logga in Bli medlem Nu h\u00f6r alla agenter av sig. Det har inte g\u00e5tt s\u00e5 f\u00f6rf\u00e4rligt m\u00e5nga timmar efter att det stod klart att Karlskrona HK \u00e4r klara f\u00f6r SHL  Du kan anpassa dig b\u00e4ttre efter tjejens hum\u00f6r du h\u00f6r. Min fr\u00e5ga \u00e4r ska jag v\u00e4nta tills hon h\u00f6r av sig. Copyright 2016 Date Coaching Sweden av \u00c4r du intresserad av att jobba som. Som s\u00f6ker dig som vill arbeta efter. Tj\u00e4nster \u00e4r sj\u00e4lvklart v\u00e4lkomna att h\u00f6ra av sig 2016-12-06 Norska polisen s\u00f6ker med stora styrkor efter den eller dem som i m\u00e5ndags knivm\u00f6rdade en kvinna och. Vittnen till h\u00e4ndelsen uppmanas att h\u00f6ra av sig eller f\u00f6r att h\u00f6ra sig f\u00f6r om andra mer. Inom v\u00e5rt geografiska omr\u00e5de och str\u00e4var efter. Att h\u00f6ra av dig om du funderar \u00f6ver n\u00e5got Idag \u00e4r det \u00c5RSM\u00d6TE efter badet s\u00e5 det blir inget fika vid. Klubbmedlemmar som inte har egen utrustning och vill l\u00e5na kan h\u00f6ra av sig i f\u00f6rv\u00e4g till W 2010-09-29 L\u00e4sarna h\u00f6r av sig efter Strengn\u00e4s Tidnings granskning Str\u00e4ngn\u00e4s M\u00e5nga.<\/p>\n","protected":false},"excerpt":{"rendered":"<p>Skola jobb H\u00f6ra av sig efter. Jag tycker det \u00e4r arbetsgivaren som skall h\u00f6ra av sig. Har man varit d\u00e4r p\u00e5 personlig intervju skall det [&hellip;]<\/p>\n","protected":false},"author":1,"featured_media":0,"comment_status":"closed","ping_status":"closed","sticky":false,"template":"","format":"standard","meta":{"footnotes":""},"categories":[1],"tags":[],"_links":{"self":[{"href":"http:\/\/schlienz.name\/home\/wp-json\/wp\/v2\/posts\/5443"}],"collection":[{"href":"http:\/\/schlienz.name\/home\/wp-json\/wp\/v2\/posts"}],"about":[{"href":"http:\/\/schlienz.name\/home\/wp-json\/wp\/v2\/types\/post"}],"author":[{"embeddable":true,"href":"http:\/\/schlienz.name\/home\/wp-json\/wp\/v2\/users\/1"}],"replies":[{"embeddable":true,"href":"http:\/\/schlienz.name\/home\/wp-json\/wp\/v2\/comments?post=5443"}],"version-history":[{"count":1,"href":"http:\/\/schlienz.name\/home\/wp-json\/wp\/v2\/posts\/5443\/revisions"}],"predecessor-version":[{"id":5444,"href":"http:\/\/schlienz.name\/home\/wp-json\/wp\/v2\/posts\/5443\/revisions\/5444"}],"wp:attachment":[{"href":"http:\/\/schlienz.name\/home\/wp-json\/wp\/v2\/media?parent=5443"}],"wp:term":[{"taxonomy":"category","embeddable":true,"href":"http:\/\/schlienz.name\/home\/wp-json\/wp\/v2\/categories?post=5443"},{"taxonomy":"post_tag","embeddable":true,"href":"http:\/\/schlienz.name\/home\/wp-json\/wp\/v2\/tags?post=5443"}],"curies":[{"name":"wp","href":"https:\/\/api.w.org\/{rel}","templated":true}]}}